{"id":188,"date":"2021-11-13T13:04:00","date_gmt":"2021-11-13T13:04:00","guid":{"rendered":"https:\/\/buergeruni.hhu-blog.de\/?p=188"},"modified":"2023-05-31T14:39:14","modified_gmt":"2023-05-31T12:39:14","slug":"kuenstekinderbuch-im-reich-der-tiere","status":"publish","type":"post","link":"https:\/\/buergeruni.hhu-blog.de\/index.php\/2021\/11\/13\/kuenstekinderbuch-im-reich-der-tiere\/","title":{"rendered":"K\u00fcnste&amp;Kinderbuch. Im Reich der Tiere"},"content":{"rendered":"\n<p><em>ein Podcast von Jennifer-Melina Geier und Theresa Strebling mit Sebastian Meschenmoser und Dr. Anna Sch\u00fctz<\/em><\/p>\n\n\n\n<figure class=\"wp-block-image size-full\"><img loading=\"lazy\" decoding=\"async\" width=\"1024\" height=\"594\" src=\"https:\/\/buergeruni.hhu-blog.de\/wp-content\/uploads\/2023\/02\/Froschkuester-Quak-1024x594-1.jpg\" alt=\"\" class=\"wp-image-189\" srcset=\"https:\/\/buergeruni.hhu-blog.de\/wp-content\/uploads\/2023\/02\/Froschkuester-Quak-1024x594-1.jpg 1024w, https:\/\/buergeruni.hhu-blog.de\/wp-content\/uploads\/2023\/02\/Froschkuester-Quak-1024x594-1-300x174.jpg 300w, https:\/\/buergeruni.hhu-blog.de\/wp-content\/uploads\/2023\/02\/Froschkuester-Quak-1024x594-1-768x446.jpg 768w\" sizes=\"auto, (max-width: 1024px) 100vw, 1024px\" \/><\/figure>\n\n\n\n<p>Nichts liegt n\u00e4her als den heutigen Tag der Graphik zu nutzen, um einen genaueren Blick auf das der Graphiken zu werfen. Erkunden Sie zusammen mit Dr. Anna Sch\u00fctz vom Museum Kunstpalast das Bild-Text-Verh\u00e4ltnis im <em><a href=\"https:\/\/nbn-resolving.de\/urn:nbn:de:hbz:061:2-1679\" target=\"_blank\" rel=\"noreferrer noopener\" aria-label=\" (\u00f6ffnet in neuem Tab)\">Froschk\u00fcster Quak<\/a><\/em>. Tauchen Sie ein, in die Uferlandschaft des <em>Froschk\u00fcsters Quak<\/em> und begeben Sie sich zudem zusammen mit dem Illustrator Sebastian Meschenmoser auf eine Reise in die Kinderb\u00fccher und sehen Sie die Graphiken mit ganz anderen Augen.<\/p>\n\n\n\n<figure class=\"wp-block-audio\"><audio controls src=\"https:\/\/www3.hhu.de\/buergeruni\/wp-content\/uploads\/2021\/09\/Final_Podcast-malerschule-Quak-S\u00fcs-Geier-Strebling.mp3\"><\/audio><\/figure>\n\n\n\n<p>Dr. Anna Christina Sch\u00fctz ist <a rel=\"noreferrer noopener\" href=\"https:\/\/www.deutsche-digitale-bibliothek.de\/item\/3XAPVK3A3H22K5A2Z7SBIEYJSWZG2YY6\" target=\"_blank\">Spezialistin<\/a> in der Forschung zum Bild-Text-Verh\u00e4ltnis in Graphiken. Sie studierte Kunstgeschichte und Germanistik an der Ruhr-Universit\u00e4t Bochum und ist nun, nach Stationen an den Universit\u00e4ten in L\u00fcneburg und Stuttgart, als Wissenschaftliche Mitarbeiterin an die Graphische Sammlung <a rel=\"noreferrer noopener\" href=\"https:\/\/www.kunstpalast.de\" target=\"_blank\">des Museum Kunstpalast<\/a> t\u00e4tig. Dort betreut sie unter anderem die Sammlung der D\u00fcsseldorfer Kunstakademie.<br><a rel=\"noreferrer noopener\" href=\"http:\/\/www.sebastian-meschenmoser.de\" target=\"_blank\">Sebastian Meschenmoser<\/a> studierte Bildende Kunst in Mainz. Heute arbeitet er als K\u00fcnstler, Illustrator und Autor in Berlin. In seinem Atelier entstanden tierische Kinderbuch-Protagonisten wie <em><a rel=\"noreferrer noopener\" aria-label=\"Chick (\u00f6ffnet in neuem Tab)\" href=\"https:\/\/www.thienemann-esslinger.de\/produkt\/chick-isbn-978-3-522-45969-3\" target=\"_blank\">Chick<\/a><\/em>, <a rel=\"noreferrer noopener\" aria-label=\"Herr Eichhorn (\u00f6ffnet in neuem Tab)\" href=\"https:\/\/www.thienemann-esslinger.de\/produkt\/herr-eichhorn-und-der-erste-schnee-isbn-978-3-522-45804-7\" target=\"_blank\"><em>Herr Eichhorn<\/em><\/a> oder <em><a rel=\"noreferrer noopener\" aria-label=\"Gordon und der Tapier (\u00f6ffnet in neuem Tab)\" href=\"https:\/\/www.thienemann-esslinger.de\/produkt\/gordon-und-tapir-isbn-978-3-522-45893-1\" target=\"_blank\">Gordon und der Tapier<\/a><\/em>. Er illustrierte aber auch Texte anderer Autoren, zum Beispiel Michael Endes <em><a rel=\"noreferrer noopener\" aria-label=\"Die unendliche Geschichte (\u00f6ffnet in neuem Tab)\" href=\"https:\/\/www.thienemann-esslinger.de\/blog\/sebastian-meschenmoser-ueber-die-unendliche-geschichte\" target=\"_blank\">Die unendliche Geschichte<\/a><\/em> und Kenneth Grahams Buch <em><a rel=\"noreferrer noopener\" aria-label=\"Der Wind in den Weiden (\u00f6ffnet in neuem Tab)\" href=\"https:\/\/nord-sued.com\/programm\/der-wind-in-den-weiden\/\" target=\"_blank\">Der Wind in den Weiden<\/a><\/em>, in dem ein exzentrischer Frosch eine gewisse Rolle spielt&#8230;<\/p>\n\n\n\n<p class=\"has-background\" style=\"background-color:#ffebee\">Vom 28.6. bis zum 31.12.2021 konntet ihr unsere Ausstellung\u00a0<em>Kunst f\u00fcr Kinder. Illustrationen aus dem Umfeld der Kunstakademien in D\u00fcsseldorf und Dresden<\/em>\u00a0online betrachten \u2013 und h\u00f6ren! Bis Dezember 2021 ver\u00f6ffentlichten wir mit Hilfe der B\u00fcrgeruniversit\u00e4t das digitale Begleitprogramm mit Bildern, Blogeintr\u00e4gen und Podcasts zur Ausstellungsentstehung und einzelnen Themenbereichen.<\/p>\n\n\n\n<p><em>Titelbild aus: Gustav S\u00fcs, <a rel=\"noreferrer noopener\" href=\"https:\/\/nbn-resolving.de\/urn:nbn:de:hbz:061:2-1679\" target=\"_blank\">Froschk\u00fcster Quak<\/a>,<\/em> Glogau 1862, \u00a9Universit\u00e4ts- und Landesbibliothek D\u00fcsseldorf<\/p>\n\n\n\n<p><strong>Kontakt<\/strong>&nbsp;<a>kunstfuerkinder@hhu.de<\/a><br><\/p>\n","protected":false},"excerpt":{"rendered":"<p>ein Podcast von Jennifer-Melina Geier und Theresa Strebling mit Sebastian Meschenmoser und Dr. Anna Sch\u00fctz Nichts liegt n\u00e4her als den heutigen Tag der Graphik zu nutzen, um einen genaueren Blick auf das der Graphiken zu werfen. Erkunden Sie zusammen mit Dr. Anna Sch\u00fctz vom Museum Kunstpalast das Bild-Text-Verh\u00e4ltnis im Froschk\u00fcster Quak. Tauchen Sie ein, in [&hellip;]<\/p>\n","protected":false},"author":1,"featured_media":189,"comment_status":"open","ping_status":"closed","sticky":false,"template":"","format":"standard","meta":{"footnotes":""},"categories":[42],"tags":[59,51,58,43,44,46],"class_list":["post-188","post","type-post","status-publish","format-standard","has-post-thumbnail","hentry","category-kunst-fuer-kinder","tag-digitale-sammlung","tag-kinderbuecher","tag-kulturerbe","tag-kunst-fuer-kinder","tag-kunstvermittlung","tag-virtuelle-ausstellung"],"_links":{"self":[{"href":"https:\/\/buergeruni.hhu-blog.de\/index.php\/wp-json\/wp\/v2\/posts\/188","targetHints":{"allow":["GET"]}}],"collection":[{"href":"https:\/\/buergeruni.hhu-blog.de\/index.php\/wp-json\/wp\/v2\/posts"}],"about":[{"href":"https:\/\/buergeruni.hhu-blog.de\/index.php\/wp-json\/wp\/v2\/types\/post"}],"author":[{"embeddable":true,"href":"https:\/\/buergeruni.hhu-blog.de\/index.php\/wp-json\/wp\/v2\/users\/1"}],"replies":[{"embeddable":true,"href":"https:\/\/buergeruni.hhu-blog.de\/index.php\/wp-json\/wp\/v2\/comments?post=188"}],"version-history":[{"count":4,"href":"https:\/\/buergeruni.hhu-blog.de\/index.php\/wp-json\/wp\/v2\/posts\/188\/revisions"}],"predecessor-version":[{"id":537,"href":"https:\/\/buergeruni.hhu-blog.de\/index.php\/wp-json\/wp\/v2\/posts\/188\/revisions\/537"}],"wp:featuredmedia":[{"embeddable":true,"href":"https:\/\/buergeruni.hhu-blog.de\/index.php\/wp-json\/wp\/v2\/media\/189"}],"wp:attachment":[{"href":"https:\/\/buergeruni.hhu-blog.de\/index.php\/wp-json\/wp\/v2\/media?parent=188"}],"wp:term":[{"taxonomy":"category","embeddable":true,"href":"https:\/\/buergeruni.hhu-blog.de\/index.php\/wp-json\/wp\/v2\/categories?post=188"},{"taxonomy":"post_tag","embeddable":true,"href":"https:\/\/buergeruni.hhu-blog.de\/index.php\/wp-json\/wp\/v2\/tags?post=188"}],"curies":[{"name":"wp","href":"https:\/\/api.w.org\/{rel}","templated":true}]}}